{"id":94,"date":"2022-12-22T16:49:43","date_gmt":"2022-12-22T15:49:43","guid":{"rendered":"https:\/\/amwildbachberg.at\/?p=94"},"modified":"2026-02-18T18:29:57","modified_gmt":"2026-02-18T17:29:57","slug":"kulinarik-am-wildbachberg","status":"publish","type":"post","link":"https:\/\/amwildbachberg.at\/en\/kulinarik-am-wildbachberg\/","title":{"rendered":"Culinary delights at Wildbachberg"},"content":{"rendered":"\n<div style=\"height:7rem\" aria-hidden=\"true\" class=\"wp-block-spacer\"><\/div>\n\n\n\n<div class=\"wp-block-group has-1-5-xl-font-size is-layout-constrained wp-container-core-group-is-layout-3d207eee wp-block-group-is-layout-constrained\" style=\"padding-top:var(--wp--preset--spacing--70);padding-right:var(--wp--preset--spacing--50);padding-bottom:var(--wp--preset--spacing--80);padding-left:var(--wp--preset--spacing--50);letter-spacing:0.01em;line-height:1.4\">\n<figure class=\"wp-block-image aligncenter size-full\"><img loading=\"lazy\" decoding=\"async\" width=\"662\" height=\"992\" src=\"https:\/\/amwildbachberg.at\/wp-content\/uploads\/2023\/05\/amWILDBACHBERG_K_021_c_lupi_spuma.jpg\" alt=\"Naturwein-Genuss im Urlaub\" class=\"wp-image-466\" srcset=\"https:\/\/amwildbachberg.at\/wp-content\/uploads\/2023\/05\/amWILDBACHBERG_K_021_c_lupi_spuma.jpg 662w, https:\/\/amwildbachberg.at\/wp-content\/uploads\/2023\/05\/amWILDBACHBERG_K_021_c_lupi_spuma-200x300.jpg 200w\" sizes=\"auto, (max-width: 662px) 100vw, 662px\" \/><\/figure>\n\n\n\n<h1 class=\"wp-block-heading has-text-align-center has-serif-font-family has-8-xl-font-size\" style=\"line-height:1\">Kulinarik &amp; Naturwein am Wildbachberg<\/h1>\n\n\n<div class=\"alignfull wp-block-collage\">\n  <div class=\"wp-block-collage__grid grid grid-cols-6 gap-x-6 gap-y-16 sm:grid-cols-12 sm:gap-5\">\n    <div class=\"col-1\">\n                <div class=\"col-span\">\n            <img loading=\"lazy\" decoding=\"async\" width=\"662\" height=\"992\" src=\"https:\/\/amwildbachberg.at\/wp-content\/uploads\/2023\/05\/amWILDBACHBERG_K_272_c_lupi_spuma.jpg\" class=\"attachment-large size-large\" alt=\"Essen und trinken im Urlaub - Am Wildbachberg\" srcset=\"https:\/\/amwildbachberg.at\/wp-content\/uploads\/2023\/05\/amWILDBACHBERG_K_272_c_lupi_spuma.jpg 662w, https:\/\/amwildbachberg.at\/wp-content\/uploads\/2023\/05\/amWILDBACHBERG_K_272_c_lupi_spuma-200x300.jpg 200w\" sizes=\"auto, (max-width: 662px) 100vw, 662px\" \/>\n          <\/div>\n          <\/div>\n          <div class=\"col-2\">\n                   <div class=\"col-span\">\n          <img loading=\"lazy\" decoding=\"async\" width=\"662\" height=\"992\" src=\"https:\/\/amwildbachberg.at\/wp-content\/uploads\/2023\/05\/amWILDBACHBERG_K_061_c_lupi_spuma.jpg\" class=\"attachment-large size-large\" alt=\"Backhenderl serviert ins Ferienhaus\" srcset=\"https:\/\/amwildbachberg.at\/wp-content\/uploads\/2023\/05\/amWILDBACHBERG_K_061_c_lupi_spuma.jpg 662w, https:\/\/amwildbachberg.at\/wp-content\/uploads\/2023\/05\/amWILDBACHBERG_K_061_c_lupi_spuma-200x300.jpg 200w\" sizes=\"auto, (max-width: 662px) 100vw, 662px\" \/>\n        <\/div>\n      \n              <div\n          class=\"col-span\">\n          <img loading=\"lazy\" decoding=\"async\" width=\"662\" height=\"992\" src=\"https:\/\/amwildbachberg.at\/wp-content\/uploads\/2023\/05\/amWILDBACHBERG_K_005_c_lupi_spuma.jpg\" class=\"attachment-large size-large\" alt=\"Naturwein-Genuss im Urlaub\" srcset=\"https:\/\/amwildbachberg.at\/wp-content\/uploads\/2023\/05\/amWILDBACHBERG_K_005_c_lupi_spuma.jpg 662w, https:\/\/amwildbachberg.at\/wp-content\/uploads\/2023\/05\/amWILDBACHBERG_K_005_c_lupi_spuma-200x300.jpg 200w\" sizes=\"auto, (max-width: 662px) 100vw, 662px\" \/>\n        <\/div>\n                    <div\n          class=\"col-span-full\">\n          <p class=\"text-3.5xl font-serif sm:text-5xl\">Was Leib und Seele z\u2019ammhalt<\/p>\n        <\/div>\n          <\/div>\n  <\/div>\n<\/div>\n\n\n\n<div class=\"wp-block-group is-layout-constrained wp-block-group-is-layout-constrained\">\n<p class=\"has-drop-cap\">Nicht nur das Auge, auch die Seele isst mit; davon sind Johanna und G\u00fcnter Krainer \u00fcberzeugt. Darum kommen am Wildbachberg nur ausgew\u00e4hlte Zutaten bester Qualit\u00e4t auf den Tisch. Zur Begr\u00fc\u00dfung lassen sich G\u00e4ste am besten gleich <em>a guate Jausn<\/em> schmecken. Die steht bei Ankunft schon bereit \u2013 wie auch ein feiner Tropfen als Geschenk des Hauses. Ein saftig belegtes Brot, dazu ein <em>Glaserl<\/em> Naturwein? So mundet der Urlaub!<\/p>\n\n\n\n<h2 class=\"wp-block-heading has-text-align-center has-serif-font-family has-4-5-xl-font-size\" style=\"padding-top:var(--wp--preset--spacing--60);padding-bottom:var(--wp--preset--spacing--60);line-height:1.1\">Regional und biologisch \u2013 <em>weil\u2019s oafoch bessa is<\/em><\/h2>\n\n\n\n<h3 class=\"wp-block-heading\">Zum Start in den Tag wartet das <strong>Fr\u00fchst\u00fcckskisterl <\/strong>vor der T\u00fcre: Gef\u00fcllt mit warmem Geb\u00e4ck der Hausherrin, hausgemachten Marmeladen, Obst und Gem\u00fcse, Aufschnitt und K\u00e4se vom Bio-Bauern, veganem Brotaufstrich. Dazu frische Kr\u00e4uter aus dem Garten direkt aufs Brot. Letzteres lieber glutenfrei? Auch daf\u00fcr wird auf Wunsch gerne gesorgt. <\/h3>\n\n\n\n<h3 class=\"wp-block-heading\"><br><\/h3>\n\n\n\n<h3 class=\"wp-block-heading\"><strong>F\u00fcr zwischendurch oder am Abend: <\/strong>Die Buschenschank vom n\u00e4chsten H\u00fcgel liefert die <em>Brettljausn<\/em> direkt in dein Ferienhaus. Oder lieber ein frisches <em>Backhenderl<\/em> im Heubett? So oder so schmeckt\u2019s echt steirisch! Wer auch im Urlaub gerne den Kochl\u00f6ffel schwingt, findet bei den vielen Bio-Betrieben der Umgebung oder im nahen Supermarkt alles, was es braucht. Und passionierten Grillmeister steht unser Grillplatz mit herrlichem Ausblick zur Verf\u00fcgung. Frag auch nach den Saiblingen, die wir dir bei Verf\u00fcgbarkeit gerne aus unserem eigenen Fischteich zum Selber-Grillen vorbeibringen.<\/h3>\n\n\n\n<p><\/p>\n\n\n\n<div class=\"wp-block-group alignfull is-layout-constrained wp-block-group-is-layout-constrained\"><div class=\"align wp-block-slider w-full\">\n      <div class=\"swiper\">\n      <div class=\"swiper-wrapper\">\n                  <div class=\"swiper-slide aspect-[2\/3] lg:aspect-[3\/2]\">\n              <img loading=\"lazy\" decoding=\"async\" width=\"2400\" height=\"1601\" src=\"https:\/\/amwildbachberg.at\/wp-content\/uploads\/2024\/06\/Wildbachberg_Fruehstueck_klassisch_04_waermer.jpg\" class=\"w-full h-full object-cover\" alt=\"Kulinarik Genuss\" srcset=\"https:\/\/amwildbachberg.at\/wp-content\/uploads\/2024\/06\/Wildbachberg_Fruehstueck_klassisch_04_waermer.jpg 2400w, https:\/\/amwildbachberg.at\/wp-content\/uploads\/2024\/06\/Wildbachberg_Fruehstueck_klassisch_04_waermer-300x200.jpg 300w, https:\/\/amwildbachberg.at\/wp-content\/uploads\/2024\/06\/Wildbachberg_Fruehstueck_klassisch_04_waermer-1024x683.jpg 1024w, https:\/\/amwildbachberg.at\/wp-content\/uploads\/2024\/06\/Wildbachberg_Fruehstueck_klassisch_04_waermer-768x512.jpg 768w, https:\/\/amwildbachberg.at\/wp-content\/uploads\/2024\/06\/Wildbachberg_Fruehstueck_klassisch_04_waermer-1536x1025.jpg 1536w, https:\/\/amwildbachberg.at\/wp-content\/uploads\/2024\/06\/Wildbachberg_Fruehstueck_klassisch_04_waermer-2048x1366.jpg 2048w\" sizes=\"auto, (max-width: 2400px) 100vw, 2400px\" \/>\n          <\/div>\n                  <div class=\"swiper-slide aspect-[2\/3] lg:aspect-[3\/2]\">\n              <img loading=\"lazy\" decoding=\"async\" width=\"2400\" height=\"1601\" src=\"https:\/\/amwildbachberg.at\/wp-content\/uploads\/2022\/12\/Wildbachberg_Fruehstueck_vegan_01_wa\u2560ermer.jpg\" class=\"w-full h-full object-cover\" alt=\"Fr\u00fchst\u00fcck direkt ins Refugium serviert\" srcset=\"https:\/\/amwildbachberg.at\/wp-content\/uploads\/2022\/12\/Wildbachberg_Fruehstueck_vegan_01_wa\u2560ermer.jpg 2400w, https:\/\/amwildbachberg.at\/wp-content\/uploads\/2022\/12\/Wildbachberg_Fruehstueck_vegan_01_wa\u2560ermer-300x200.jpg 300w, https:\/\/amwildbachberg.at\/wp-content\/uploads\/2022\/12\/Wildbachberg_Fruehstueck_vegan_01_wa\u2560ermer-1024x683.jpg 1024w, https:\/\/amwildbachberg.at\/wp-content\/uploads\/2022\/12\/Wildbachberg_Fruehstueck_vegan_01_wa\u2560ermer-768x512.jpg 768w, https:\/\/amwildbachberg.at\/wp-content\/uploads\/2022\/12\/Wildbachberg_Fruehstueck_vegan_01_wa\u2560ermer-1536x1025.jpg 1536w, https:\/\/amwildbachberg.at\/wp-content\/uploads\/2022\/12\/Wildbachberg_Fruehstueck_vegan_01_wa\u2560ermer-2048x1366.jpg 2048w\" sizes=\"auto, (max-width: 2400px) 100vw, 2400px\" \/>\n          <\/div>\n                  <div class=\"swiper-slide aspect-[2\/3] lg:aspect-[3\/2]\">\n              <img loading=\"lazy\" decoding=\"async\" width=\"2400\" height=\"1601\" src=\"https:\/\/amwildbachberg.at\/wp-content\/uploads\/2022\/12\/Wildbachberg_Rosa_21_wa\u2560ermer.jpg\" class=\"w-full h-full object-cover\" alt=\"Fr\u00fchst\u00fcck im Bett im eigenen Chalet\" srcset=\"https:\/\/amwildbachberg.at\/wp-content\/uploads\/2022\/12\/Wildbachberg_Rosa_21_wa\u2560ermer.jpg 2400w, https:\/\/amwildbachberg.at\/wp-content\/uploads\/2022\/12\/Wildbachberg_Rosa_21_wa\u2560ermer-300x200.jpg 300w, https:\/\/amwildbachberg.at\/wp-content\/uploads\/2022\/12\/Wildbachberg_Rosa_21_wa\u2560ermer-1024x683.jpg 1024w, https:\/\/amwildbachberg.at\/wp-content\/uploads\/2022\/12\/Wildbachberg_Rosa_21_wa\u2560ermer-768x512.jpg 768w, https:\/\/amwildbachberg.at\/wp-content\/uploads\/2022\/12\/Wildbachberg_Rosa_21_wa\u2560ermer-1536x1025.jpg 1536w, https:\/\/amwildbachberg.at\/wp-content\/uploads\/2022\/12\/Wildbachberg_Rosa_21_wa\u2560ermer-2048x1366.jpg 2048w\" sizes=\"auto, (max-width: 2400px) 100vw, 2400px\" \/>\n          <\/div>\n                  <div class=\"swiper-slide aspect-[2\/3] lg:aspect-[3\/2]\">\n              <img loading=\"lazy\" decoding=\"async\" width=\"2400\" height=\"1601\" src=\"https:\/\/amwildbachberg.at\/wp-content\/uploads\/2022\/12\/Wildbachberg_Rosa_22_wa\u2560ermer.jpg\" class=\"w-full h-full object-cover\" alt=\"Terrasse mit Sauna beim Haus Rosa\" srcset=\"https:\/\/amwildbachberg.at\/wp-content\/uploads\/2022\/12\/Wildbachberg_Rosa_22_wa\u2560ermer.jpg 2400w, https:\/\/amwildbachberg.at\/wp-content\/uploads\/2022\/12\/Wildbachberg_Rosa_22_wa\u2560ermer-300x200.jpg 300w, https:\/\/amwildbachberg.at\/wp-content\/uploads\/2022\/12\/Wildbachberg_Rosa_22_wa\u2560ermer-1024x683.jpg 1024w, https:\/\/amwildbachberg.at\/wp-content\/uploads\/2022\/12\/Wildbachberg_Rosa_22_wa\u2560ermer-768x512.jpg 768w, https:\/\/amwildbachberg.at\/wp-content\/uploads\/2022\/12\/Wildbachberg_Rosa_22_wa\u2560ermer-1536x1025.jpg 1536w, https:\/\/amwildbachberg.at\/wp-content\/uploads\/2022\/12\/Wildbachberg_Rosa_22_wa\u2560ermer-2048x1366.jpg 2048w\" sizes=\"auto, (max-width: 2400px) 100vw, 2400px\" \/>\n          <\/div>\n                  <div class=\"swiper-slide aspect-[2\/3] lg:aspect-[3\/2]\">\n              <img loading=\"lazy\" decoding=\"async\" width=\"2400\" height=\"1601\" src=\"https:\/\/amwildbachberg.at\/wp-content\/uploads\/2022\/12\/Wildbachberg_Gemeinschaftstisch_44_waermer.jpg\" class=\"w-full h-full object-cover\" alt=\"Gro\u00dfer Tisch zum Zusammenkommen im Urlaub mit Freunden oder Familie\" srcset=\"https:\/\/amwildbachberg.at\/wp-content\/uploads\/2022\/12\/Wildbachberg_Gemeinschaftstisch_44_waermer.jpg 2400w, https:\/\/amwildbachberg.at\/wp-content\/uploads\/2022\/12\/Wildbachberg_Gemeinschaftstisch_44_waermer-300x200.jpg 300w, https:\/\/amwildbachberg.at\/wp-content\/uploads\/2022\/12\/Wildbachberg_Gemeinschaftstisch_44_waermer-1024x683.jpg 1024w, https:\/\/amwildbachberg.at\/wp-content\/uploads\/2022\/12\/Wildbachberg_Gemeinschaftstisch_44_waermer-768x512.jpg 768w, https:\/\/amwildbachberg.at\/wp-content\/uploads\/2022\/12\/Wildbachberg_Gemeinschaftstisch_44_waermer-1536x1025.jpg 1536w, https:\/\/amwildbachberg.at\/wp-content\/uploads\/2022\/12\/Wildbachberg_Gemeinschaftstisch_44_waermer-2048x1366.jpg 2048w\" sizes=\"auto, (max-width: 2400px) 100vw, 2400px\" \/>\n          <\/div>\n                  <div class=\"swiper-slide aspect-[2\/3] lg:aspect-[3\/2]\">\n              <img loading=\"lazy\" decoding=\"async\" width=\"2400\" height=\"1601\" src=\"https:\/\/amwildbachberg.at\/wp-content\/uploads\/2022\/12\/Wildbachberg_Gemeinschaftstisch_04_waermer.jpg\" class=\"w-full h-full object-cover\" alt=\"Naturwein Genuss Am Wildbachberg\" srcset=\"https:\/\/amwildbachberg.at\/wp-content\/uploads\/2022\/12\/Wildbachberg_Gemeinschaftstisch_04_waermer.jpg 2400w, https:\/\/amwildbachberg.at\/wp-content\/uploads\/2022\/12\/Wildbachberg_Gemeinschaftstisch_04_waermer-300x200.jpg 300w, https:\/\/amwildbachberg.at\/wp-content\/uploads\/2022\/12\/Wildbachberg_Gemeinschaftstisch_04_waermer-1024x683.jpg 1024w, https:\/\/amwildbachberg.at\/wp-content\/uploads\/2022\/12\/Wildbachberg_Gemeinschaftstisch_04_waermer-768x512.jpg 768w, https:\/\/amwildbachberg.at\/wp-content\/uploads\/2022\/12\/Wildbachberg_Gemeinschaftstisch_04_waermer-1536x1025.jpg 1536w, https:\/\/amwildbachberg.at\/wp-content\/uploads\/2022\/12\/Wildbachberg_Gemeinschaftstisch_04_waermer-2048x1366.jpg 2048w\" sizes=\"auto, (max-width: 2400px) 100vw, 2400px\" \/>\n          <\/div>\n                  <div class=\"swiper-slide aspect-[2\/3] lg:aspect-[3\/2]\">\n              <img loading=\"lazy\" decoding=\"async\" width=\"2400\" height=\"1601\" src=\"https:\/\/amwildbachberg.at\/wp-content\/uploads\/2022\/12\/Wildbachberg_Gemeinschaftstisch_14_waermer.jpg\" class=\"w-full h-full object-cover\" alt=\"Urlaub mit Freunden und Kulinarikgenuss\" srcset=\"https:\/\/amwildbachberg.at\/wp-content\/uploads\/2022\/12\/Wildbachberg_Gemeinschaftstisch_14_waermer.jpg 2400w, https:\/\/amwildbachberg.at\/wp-content\/uploads\/2022\/12\/Wildbachberg_Gemeinschaftstisch_14_waermer-300x200.jpg 300w, https:\/\/amwildbachberg.at\/wp-content\/uploads\/2022\/12\/Wildbachberg_Gemeinschaftstisch_14_waermer-1024x683.jpg 1024w, https:\/\/amwildbachberg.at\/wp-content\/uploads\/2022\/12\/Wildbachberg_Gemeinschaftstisch_14_waermer-768x512.jpg 768w, https:\/\/amwildbachberg.at\/wp-content\/uploads\/2022\/12\/Wildbachberg_Gemeinschaftstisch_14_waermer-1536x1025.jpg 1536w, https:\/\/amwildbachberg.at\/wp-content\/uploads\/2022\/12\/Wildbachberg_Gemeinschaftstisch_14_waermer-2048x1366.jpg 2048w\" sizes=\"auto, (max-width: 2400px) 100vw, 2400px\" \/>\n          <\/div>\n                  <div class=\"swiper-slide aspect-[2\/3] lg:aspect-[3\/2]\">\n              <img loading=\"lazy\" decoding=\"async\" width=\"2400\" height=\"1601\" src=\"https:\/\/amwildbachberg.at\/wp-content\/uploads\/2022\/12\/Wildbachberg_Gemeinschaftstisch_27_waermer.jpg\" class=\"w-full h-full object-cover\" alt=\"Gro\u00dfer Tisch zum Zusammenkommen im Urlaub mit Freunden oder Familie\" srcset=\"https:\/\/amwildbachberg.at\/wp-content\/uploads\/2022\/12\/Wildbachberg_Gemeinschaftstisch_27_waermer.jpg 2400w, https:\/\/amwildbachberg.at\/wp-content\/uploads\/2022\/12\/Wildbachberg_Gemeinschaftstisch_27_waermer-300x200.jpg 300w, https:\/\/amwildbachberg.at\/wp-content\/uploads\/2022\/12\/Wildbachberg_Gemeinschaftstisch_27_waermer-1024x683.jpg 1024w, https:\/\/amwildbachberg.at\/wp-content\/uploads\/2022\/12\/Wildbachberg_Gemeinschaftstisch_27_waermer-768x512.jpg 768w, https:\/\/amwildbachberg.at\/wp-content\/uploads\/2022\/12\/Wildbachberg_Gemeinschaftstisch_27_waermer-1536x1025.jpg 1536w, https:\/\/amwildbachberg.at\/wp-content\/uploads\/2022\/12\/Wildbachberg_Gemeinschaftstisch_27_waermer-2048x1366.jpg 2048w\" sizes=\"auto, (max-width: 2400px) 100vw, 2400px\" \/>\n          <\/div>\n                  <div class=\"swiper-slide aspect-[2\/3] lg:aspect-[3\/2]\">\n              <img loading=\"lazy\" decoding=\"async\" width=\"2400\" height=\"1601\" src=\"https:\/\/amwildbachberg.at\/wp-content\/uploads\/2024\/06\/Wildbachberg_Gemeinschaftstisch_26_waermer.jpg\" class=\"w-full h-full object-cover\" alt=\"Essen, trinken und genie\u00dfen - in den Chalets in der S\u00fcdsteiermark\" srcset=\"https:\/\/amwildbachberg.at\/wp-content\/uploads\/2024\/06\/Wildbachberg_Gemeinschaftstisch_26_waermer.jpg 2400w, https:\/\/amwildbachberg.at\/wp-content\/uploads\/2024\/06\/Wildbachberg_Gemeinschaftstisch_26_waermer-300x200.jpg 300w, https:\/\/amwildbachberg.at\/wp-content\/uploads\/2024\/06\/Wildbachberg_Gemeinschaftstisch_26_waermer-1024x683.jpg 1024w, https:\/\/amwildbachberg.at\/wp-content\/uploads\/2024\/06\/Wildbachberg_Gemeinschaftstisch_26_waermer-768x512.jpg 768w, https:\/\/amwildbachberg.at\/wp-content\/uploads\/2024\/06\/Wildbachberg_Gemeinschaftstisch_26_waermer-1536x1025.jpg 1536w, https:\/\/amwildbachberg.at\/wp-content\/uploads\/2024\/06\/Wildbachberg_Gemeinschaftstisch_26_waermer-2048x1366.jpg 2048w\" sizes=\"auto, (max-width: 2400px) 100vw, 2400px\" \/>\n          <\/div>\n                  <div class=\"swiper-slide aspect-[2\/3] lg:aspect-[3\/2]\">\n              <img loading=\"lazy\" decoding=\"async\" width=\"2400\" height=\"1600\" src=\"https:\/\/amwildbachberg.at\/wp-content\/uploads\/2022\/12\/Wildbachberg_Gemeinschaftstisch_39_waermer-2400x1600-1.jpg\" class=\"w-full h-full object-cover\" alt=\"Kulinarik am Wildbachberg\" srcset=\"https:\/\/amwildbachberg.at\/wp-content\/uploads\/2022\/12\/Wildbachberg_Gemeinschaftstisch_39_waermer-2400x1600-1.jpg 2400w, https:\/\/amwildbachberg.at\/wp-content\/uploads\/2022\/12\/Wildbachberg_Gemeinschaftstisch_39_waermer-2400x1600-1-300x200.jpg 300w, https:\/\/amwildbachberg.at\/wp-content\/uploads\/2022\/12\/Wildbachberg_Gemeinschaftstisch_39_waermer-2400x1600-1-1024x683.jpg 1024w, https:\/\/amwildbachberg.at\/wp-content\/uploads\/2022\/12\/Wildbachberg_Gemeinschaftstisch_39_waermer-2400x1600-1-768x512.jpg 768w, https:\/\/amwildbachberg.at\/wp-content\/uploads\/2022\/12\/Wildbachberg_Gemeinschaftstisch_39_waermer-2400x1600-1-1536x1024.jpg 1536w, https:\/\/amwildbachberg.at\/wp-content\/uploads\/2022\/12\/Wildbachberg_Gemeinschaftstisch_39_waermer-2400x1600-1-2048x1365.jpg 2048w\" sizes=\"auto, (max-width: 2400px) 100vw, 2400px\" \/>\n          <\/div>\n                  <div class=\"swiper-slide aspect-[2\/3] lg:aspect-[3\/2]\">\n              <img loading=\"lazy\" decoding=\"async\" width=\"2400\" height=\"1600\" src=\"https:\/\/amwildbachberg.at\/wp-content\/uploads\/2024\/07\/DJI_0975.jpg\" class=\"w-full h-full object-cover\" alt=\"Urlaub mit Familie und Freunden\" srcset=\"https:\/\/amwildbachberg.at\/wp-content\/uploads\/2024\/07\/DJI_0975.jpg 2400w, https:\/\/amwildbachberg.at\/wp-content\/uploads\/2024\/07\/DJI_0975-300x200.jpg 300w, https:\/\/amwildbachberg.at\/wp-content\/uploads\/2024\/07\/DJI_0975-1024x683.jpg 1024w, https:\/\/amwildbachberg.at\/wp-content\/uploads\/2024\/07\/DJI_0975-768x512.jpg 768w, https:\/\/amwildbachberg.at\/wp-content\/uploads\/2024\/07\/DJI_0975-1536x1024.jpg 1536w, https:\/\/amwildbachberg.at\/wp-content\/uploads\/2024\/07\/DJI_0975-2048x1365.jpg 2048w\" sizes=\"auto, (max-width: 2400px) 100vw, 2400px\" \/>\n          <\/div>\n                  <div class=\"swiper-slide aspect-[2\/3] lg:aspect-[3\/2]\">\n              <img loading=\"lazy\" decoding=\"async\" width=\"2400\" height=\"1601\" src=\"https:\/\/amwildbachberg.at\/wp-content\/uploads\/2022\/12\/Wildbachberg_Gemeinschaftstisch_17_waermer.jpg\" class=\"w-full h-full object-cover\" alt=\"Urlaub mit Freunden und Weingenuss\" srcset=\"https:\/\/amwildbachberg.at\/wp-content\/uploads\/2022\/12\/Wildbachberg_Gemeinschaftstisch_17_waermer.jpg 2400w, https:\/\/amwildbachberg.at\/wp-content\/uploads\/2022\/12\/Wildbachberg_Gemeinschaftstisch_17_waermer-300x200.jpg 300w, https:\/\/amwildbachberg.at\/wp-content\/uploads\/2022\/12\/Wildbachberg_Gemeinschaftstisch_17_waermer-1024x683.jpg 1024w, https:\/\/amwildbachberg.at\/wp-content\/uploads\/2022\/12\/Wildbachberg_Gemeinschaftstisch_17_waermer-768x512.jpg 768w, https:\/\/amwildbachberg.at\/wp-content\/uploads\/2022\/12\/Wildbachberg_Gemeinschaftstisch_17_waermer-1536x1025.jpg 1536w, https:\/\/amwildbachberg.at\/wp-content\/uploads\/2022\/12\/Wildbachberg_Gemeinschaftstisch_17_waermer-2048x1366.jpg 2048w\" sizes=\"auto, (max-width: 2400px) 100vw, 2400px\" \/>\n          <\/div>\n                  <div class=\"swiper-slide aspect-[2\/3] lg:aspect-[3\/2]\">\n              <img loading=\"lazy\" decoding=\"async\" width=\"2400\" height=\"1601\" src=\"https:\/\/amwildbachberg.at\/wp-content\/uploads\/2022\/12\/Wildbachberg_Gemeinschaftstisch_22_waermer.jpg\" class=\"w-full h-full object-cover\" alt=\"Gro\u00dfer Tisch zum Zusammenkommen im Urlaub mit Freunden oder Familie\" srcset=\"https:\/\/amwildbachberg.at\/wp-content\/uploads\/2022\/12\/Wildbachberg_Gemeinschaftstisch_22_waermer.jpg 2400w, https:\/\/amwildbachberg.at\/wp-content\/uploads\/2022\/12\/Wildbachberg_Gemeinschaftstisch_22_waermer-300x200.jpg 300w, https:\/\/amwildbachberg.at\/wp-content\/uploads\/2022\/12\/Wildbachberg_Gemeinschaftstisch_22_waermer-1024x683.jpg 1024w, https:\/\/amwildbachberg.at\/wp-content\/uploads\/2022\/12\/Wildbachberg_Gemeinschaftstisch_22_waermer-768x512.jpg 768w, https:\/\/amwildbachberg.at\/wp-content\/uploads\/2022\/12\/Wildbachberg_Gemeinschaftstisch_22_waermer-1536x1025.jpg 1536w, https:\/\/amwildbachberg.at\/wp-content\/uploads\/2022\/12\/Wildbachberg_Gemeinschaftstisch_22_waermer-2048x1366.jpg 2048w\" sizes=\"auto, (max-width: 2400px) 100vw, 2400px\" \/>\n          <\/div>\n                  <div class=\"swiper-slide aspect-[2\/3] lg:aspect-[3\/2]\">\n              <img loading=\"lazy\" decoding=\"async\" width=\"2400\" height=\"1601\" src=\"https:\/\/amwildbachberg.at\/wp-content\/uploads\/2022\/12\/Wildbachberg_Grillen_23_waermer.jpg\" class=\"w-full h-full object-cover\" alt=\"Grillen im Urlaub\" srcset=\"https:\/\/amwildbachberg.at\/wp-content\/uploads\/2022\/12\/Wildbachberg_Grillen_23_waermer.jpg 2400w, https:\/\/amwildbachberg.at\/wp-content\/uploads\/2022\/12\/Wildbachberg_Grillen_23_waermer-300x200.jpg 300w, https:\/\/amwildbachberg.at\/wp-content\/uploads\/2022\/12\/Wildbachberg_Grillen_23_waermer-1024x683.jpg 1024w, https:\/\/amwildbachberg.at\/wp-content\/uploads\/2022\/12\/Wildbachberg_Grillen_23_waermer-768x512.jpg 768w, https:\/\/amwildbachberg.at\/wp-content\/uploads\/2022\/12\/Wildbachberg_Grillen_23_waermer-1536x1025.jpg 1536w, https:\/\/amwildbachberg.at\/wp-content\/uploads\/2022\/12\/Wildbachberg_Grillen_23_waermer-2048x1366.jpg 2048w\" sizes=\"auto, (max-width: 2400px) 100vw, 2400px\" \/>\n          <\/div>\n                  <div class=\"swiper-slide aspect-[2\/3] lg:aspect-[3\/2]\">\n              <img loading=\"lazy\" decoding=\"async\" width=\"2400\" height=\"1601\" src=\"https:\/\/amwildbachberg.at\/wp-content\/uploads\/2022\/12\/Wildbachberg_Grillen_14_waermer.jpg\" class=\"w-full h-full object-cover\" alt=\"Grillen im Urlaub\" srcset=\"https:\/\/amwildbachberg.at\/wp-content\/uploads\/2022\/12\/Wildbachberg_Grillen_14_waermer.jpg 2400w, https:\/\/amwildbachberg.at\/wp-content\/uploads\/2022\/12\/Wildbachberg_Grillen_14_waermer-300x200.jpg 300w, https:\/\/amwildbachberg.at\/wp-content\/uploads\/2022\/12\/Wildbachberg_Grillen_14_waermer-1024x683.jpg 1024w, https:\/\/amwildbachberg.at\/wp-content\/uploads\/2022\/12\/Wildbachberg_Grillen_14_waermer-768x512.jpg 768w, https:\/\/amwildbachberg.at\/wp-content\/uploads\/2022\/12\/Wildbachberg_Grillen_14_waermer-1536x1025.jpg 1536w, https:\/\/amwildbachberg.at\/wp-content\/uploads\/2022\/12\/Wildbachberg_Grillen_14_waermer-2048x1366.jpg 2048w\" sizes=\"auto, (max-width: 2400px) 100vw, 2400px\" \/>\n          <\/div>\n                  <div class=\"swiper-slide aspect-[2\/3] lg:aspect-[3\/2]\">\n              <img loading=\"lazy\" decoding=\"async\" width=\"2400\" height=\"1601\" src=\"https:\/\/amwildbachberg.at\/wp-content\/uploads\/2022\/12\/Wildbachberg_Grillen_05_waermer.jpg\" class=\"w-full h-full object-cover\" alt=\"Kulinarik Genuss am Wildbachberg\" srcset=\"https:\/\/amwildbachberg.at\/wp-content\/uploads\/2022\/12\/Wildbachberg_Grillen_05_waermer.jpg 2400w, https:\/\/amwildbachberg.at\/wp-content\/uploads\/2022\/12\/Wildbachberg_Grillen_05_waermer-300x200.jpg 300w, https:\/\/amwildbachberg.at\/wp-content\/uploads\/2022\/12\/Wildbachberg_Grillen_05_waermer-1024x683.jpg 1024w, https:\/\/amwildbachberg.at\/wp-content\/uploads\/2022\/12\/Wildbachberg_Grillen_05_waermer-768x512.jpg 768w, https:\/\/amwildbachberg.at\/wp-content\/uploads\/2022\/12\/Wildbachberg_Grillen_05_waermer-1536x1025.jpg 1536w, https:\/\/amwildbachberg.at\/wp-content\/uploads\/2022\/12\/Wildbachberg_Grillen_05_waermer-2048x1366.jpg 2048w\" sizes=\"auto, (max-width: 2400px) 100vw, 2400px\" \/>\n          <\/div>\n                  <div class=\"swiper-slide aspect-[2\/3] lg:aspect-[3\/2]\">\n              <img loading=\"lazy\" decoding=\"async\" width=\"2400\" height=\"1601\" src=\"https:\/\/amwildbachberg.at\/wp-content\/uploads\/2022\/12\/Wildbachberg_Sepp_34_waermer-1.jpg\" class=\"w-full h-full object-cover\" alt=\"Terrasse Ferienhaus Sepp\" srcset=\"https:\/\/amwildbachberg.at\/wp-content\/uploads\/2022\/12\/Wildbachberg_Sepp_34_waermer-1.jpg 2400w, https:\/\/amwildbachberg.at\/wp-content\/uploads\/2022\/12\/Wildbachberg_Sepp_34_waermer-1-300x200.jpg 300w, https:\/\/amwildbachberg.at\/wp-content\/uploads\/2022\/12\/Wildbachberg_Sepp_34_waermer-1-1024x683.jpg 1024w, https:\/\/amwildbachberg.at\/wp-content\/uploads\/2022\/12\/Wildbachberg_Sepp_34_waermer-1-768x512.jpg 768w, https:\/\/amwildbachberg.at\/wp-content\/uploads\/2022\/12\/Wildbachberg_Sepp_34_waermer-1-1536x1025.jpg 1536w, https:\/\/amwildbachberg.at\/wp-content\/uploads\/2022\/12\/Wildbachberg_Sepp_34_waermer-1-2048x1366.jpg 2048w\" sizes=\"auto, (max-width: 2400px) 100vw, 2400px\" \/>\n          <\/div>\n                  <div class=\"swiper-slide aspect-[2\/3] lg:aspect-[3\/2]\">\n              <img loading=\"lazy\" decoding=\"async\" width=\"2400\" height=\"1601\" src=\"https:\/\/amwildbachberg.at\/wp-content\/uploads\/2022\/12\/Wildbachberg_Pool_11_waermer.jpg\" class=\"w-full h-full object-cover\" alt=\"Pool und Wein genie\u00dfen\" srcset=\"https:\/\/amwildbachberg.at\/wp-content\/uploads\/2022\/12\/Wildbachberg_Pool_11_waermer.jpg 2400w, https:\/\/amwildbachberg.at\/wp-content\/uploads\/2022\/12\/Wildbachberg_Pool_11_waermer-300x200.jpg 300w, https:\/\/amwildbachberg.at\/wp-content\/uploads\/2022\/12\/Wildbachberg_Pool_11_waermer-1024x683.jpg 1024w, https:\/\/amwildbachberg.at\/wp-content\/uploads\/2022\/12\/Wildbachberg_Pool_11_waermer-768x512.jpg 768w, https:\/\/amwildbachberg.at\/wp-content\/uploads\/2022\/12\/Wildbachberg_Pool_11_waermer-1536x1025.jpg 1536w, https:\/\/amwildbachberg.at\/wp-content\/uploads\/2022\/12\/Wildbachberg_Pool_11_waermer-2048x1366.jpg 2048w\" sizes=\"auto, (max-width: 2400px) 100vw, 2400px\" \/>\n          <\/div>\n                  <div class=\"swiper-slide aspect-[2\/3] lg:aspect-[3\/2]\">\n              <img loading=\"lazy\" decoding=\"async\" width=\"2400\" height=\"1601\" src=\"https:\/\/amwildbachberg.at\/wp-content\/uploads\/2022\/12\/Wildbachberg_Rosa_22_wa\u2560ermer.jpg\" class=\"w-full h-full object-cover\" alt=\"Terrasse mit Sauna beim Haus Rosa\" srcset=\"https:\/\/amwildbachberg.at\/wp-content\/uploads\/2022\/12\/Wildbachberg_Rosa_22_wa\u2560ermer.jpg 2400w, https:\/\/amwildbachberg.at\/wp-content\/uploads\/2022\/12\/Wildbachberg_Rosa_22_wa\u2560ermer-300x200.jpg 300w, https:\/\/amwildbachberg.at\/wp-content\/uploads\/2022\/12\/Wildbachberg_Rosa_22_wa\u2560ermer-1024x683.jpg 1024w, https:\/\/amwildbachberg.at\/wp-content\/uploads\/2022\/12\/Wildbachberg_Rosa_22_wa\u2560ermer-768x512.jpg 768w, https:\/\/amwildbachberg.at\/wp-content\/uploads\/2022\/12\/Wildbachberg_Rosa_22_wa\u2560ermer-1536x1025.jpg 1536w, https:\/\/amwildbachberg.at\/wp-content\/uploads\/2022\/12\/Wildbachberg_Rosa_22_wa\u2560ermer-2048x1366.jpg 2048w\" sizes=\"auto, (max-width: 2400px) 100vw, 2400px\" \/>\n          <\/div>\n                  <div class=\"swiper-slide aspect-[2\/3] lg:aspect-[3\/2]\">\n              <img loading=\"lazy\" decoding=\"async\" width=\"2400\" height=\"1601\" src=\"https:\/\/amwildbachberg.at\/wp-content\/uploads\/2022\/12\/Wildbachberg_Grillen_05_waermer.jpg\" class=\"w-full h-full object-cover\" alt=\"Kulinarik Genuss am Wildbachberg\" srcset=\"https:\/\/amwildbachberg.at\/wp-content\/uploads\/2022\/12\/Wildbachberg_Grillen_05_waermer.jpg 2400w, https:\/\/amwildbachberg.at\/wp-content\/uploads\/2022\/12\/Wildbachberg_Grillen_05_waermer-300x200.jpg 300w, https:\/\/amwildbachberg.at\/wp-content\/uploads\/2022\/12\/Wildbachberg_Grillen_05_waermer-1024x683.jpg 1024w, https:\/\/amwildbachberg.at\/wp-content\/uploads\/2022\/12\/Wildbachberg_Grillen_05_waermer-768x512.jpg 768w, https:\/\/amwildbachberg.at\/wp-content\/uploads\/2022\/12\/Wildbachberg_Grillen_05_waermer-1536x1025.jpg 1536w, https:\/\/amwildbachberg.at\/wp-content\/uploads\/2022\/12\/Wildbachberg_Grillen_05_waermer-2048x1366.jpg 2048w\" sizes=\"auto, (max-width: 2400px) 100vw, 2400px\" \/>\n          <\/div>\n                  <div class=\"swiper-slide aspect-[2\/3] lg:aspect-[3\/2]\">\n              <img loading=\"lazy\" decoding=\"async\" width=\"2400\" height=\"1601\" src=\"https:\/\/amwildbachberg.at\/wp-content\/uploads\/2022\/12\/Wildbachberg_Sepp_34_waermer-1.jpg\" class=\"w-full h-full object-cover\" alt=\"Terrasse Ferienhaus Sepp\" srcset=\"https:\/\/amwildbachberg.at\/wp-content\/uploads\/2022\/12\/Wildbachberg_Sepp_34_waermer-1.jpg 2400w, https:\/\/amwildbachberg.at\/wp-content\/uploads\/2022\/12\/Wildbachberg_Sepp_34_waermer-1-300x200.jpg 300w, https:\/\/amwildbachberg.at\/wp-content\/uploads\/2022\/12\/Wildbachberg_Sepp_34_waermer-1-1024x683.jpg 1024w, https:\/\/amwildbachberg.at\/wp-content\/uploads\/2022\/12\/Wildbachberg_Sepp_34_waermer-1-768x512.jpg 768w, https:\/\/amwildbachberg.at\/wp-content\/uploads\/2022\/12\/Wildbachberg_Sepp_34_waermer-1-1536x1025.jpg 1536w, https:\/\/amwildbachberg.at\/wp-content\/uploads\/2022\/12\/Wildbachberg_Sepp_34_waermer-1-2048x1366.jpg 2048w\" sizes=\"auto, (max-width: 2400px) 100vw, 2400px\" \/>\n          <\/div>\n              <\/div>\n      <div class=\"swiper-pagination\"><\/div>\n\n      <div class=\"swiper-button-prev\"><\/div>\n      <div class=\"swiper-button-next\"><\/div>\n    <\/div>\n  <\/div>\n<\/div>\n\n\n\n<h2 class=\"wp-block-heading has-text-align-center has-serif-font-family has-4-5-xl-font-size\" style=\"padding-top:var(--wp--preset--spacing--60);padding-bottom:var(--wp--preset--spacing--60);line-height:1.1\">Echt und ungefiltert wie Naturwein<\/h2>\n\n\n\n<p>Ganz im Sinne der Urspr\u00fcnglichkeit spielen Naturweine eine Hauptrolle bei Johanna und G\u00fcnter Krainer am Wildbachberg. Von regionalen bis zu selbstgekelterten machen sie den Gro\u00dfteil der bis zu 800 Flaschen aus, die im <strong>hauseigenen Weinkeller <\/strong>lagern. 300 Jahre ist dieser alt und dabei gar nicht trocken: Ganz in Ruhe l\u00e4sst es sich hier schm\u00f6kern, an der gro\u00dfen Tafel verkosten, plaudern und genie\u00dfen. Auch ein Sommelier, der durch die Verkostung f\u00fchrt, steht auf Wunsch zur Verf\u00fcgung. Wenn es sich zeitlich ausgeht, f\u00fchrt auch G\u00fcnter selbst in die Welt der Naturweine ein. <\/p>\n\n\n\n<div style=\"height:16px\" aria-hidden=\"true\" class=\"wp-block-spacer\"><\/div>\n\n\n\n<p><\/p>\n\n\n\n<div class=\"wp-block-group alignfull is-layout-constrained wp-block-group-is-layout-constrained\"><div class=\"align wp-block-slider w-full\">\n      <div class=\"swiper\">\n      <div class=\"swiper-wrapper\">\n                  <div class=\"swiper-slide aspect-[2\/3] lg:aspect-[3\/2]\">\n              <img loading=\"lazy\" decoding=\"async\" width=\"2400\" height=\"1601\" src=\"https:\/\/amwildbachberg.at\/wp-content\/uploads\/2024\/06\/Wildbachberg_Weinkeller_01_waermer.jpg\" class=\"w-full h-full object-cover\" alt=\"300 Jahre alter Weinkeller mit Naturwein-Vinothek\" srcset=\"https:\/\/amwildbachberg.at\/wp-content\/uploads\/2024\/06\/Wildbachberg_Weinkeller_01_waermer.jpg 2400w, https:\/\/amwildbachberg.at\/wp-content\/uploads\/2024\/06\/Wildbachberg_Weinkeller_01_waermer-300x200.jpg 300w, https:\/\/amwildbachberg.at\/wp-content\/uploads\/2024\/06\/Wildbachberg_Weinkeller_01_waermer-1024x683.jpg 1024w, https:\/\/amwildbachberg.at\/wp-content\/uploads\/2024\/06\/Wildbachberg_Weinkeller_01_waermer-768x512.jpg 768w, https:\/\/amwildbachberg.at\/wp-content\/uploads\/2024\/06\/Wildbachberg_Weinkeller_01_waermer-1536x1025.jpg 1536w, https:\/\/amwildbachberg.at\/wp-content\/uploads\/2024\/06\/Wildbachberg_Weinkeller_01_waermer-2048x1366.jpg 2048w\" sizes=\"auto, (max-width: 2400px) 100vw, 2400px\" \/>\n          <\/div>\n                  <div class=\"swiper-slide aspect-[2\/3] lg:aspect-[3\/2]\">\n              <img loading=\"lazy\" decoding=\"async\" width=\"2400\" height=\"1601\" src=\"https:\/\/amwildbachberg.at\/wp-content\/uploads\/2022\/12\/Wildbachberg_Weinkeller_03_waermer.jpg\" class=\"w-full h-full object-cover\" alt=\"Weinkeller und Naturwein Vinothek\" srcset=\"https:\/\/amwildbachberg.at\/wp-content\/uploads\/2022\/12\/Wildbachberg_Weinkeller_03_waermer.jpg 2400w, https:\/\/amwildbachberg.at\/wp-content\/uploads\/2022\/12\/Wildbachberg_Weinkeller_03_waermer-300x200.jpg 300w, https:\/\/amwildbachberg.at\/wp-content\/uploads\/2022\/12\/Wildbachberg_Weinkeller_03_waermer-1024x683.jpg 1024w, https:\/\/amwildbachberg.at\/wp-content\/uploads\/2022\/12\/Wildbachberg_Weinkeller_03_waermer-768x512.jpg 768w, https:\/\/amwildbachberg.at\/wp-content\/uploads\/2022\/12\/Wildbachberg_Weinkeller_03_waermer-1536x1025.jpg 1536w, https:\/\/amwildbachberg.at\/wp-content\/uploads\/2022\/12\/Wildbachberg_Weinkeller_03_waermer-2048x1366.jpg 2048w\" sizes=\"auto, (max-width: 2400px) 100vw, 2400px\" \/>\n          <\/div>\n                  <div class=\"swiper-slide aspect-[2\/3] lg:aspect-[3\/2]\">\n              <img loading=\"lazy\" decoding=\"async\" width=\"2400\" height=\"1601\" src=\"https:\/\/amwildbachberg.at\/wp-content\/uploads\/2024\/06\/Wildbachberg_Weinkeller_06_waermer.jpg\" class=\"w-full h-full object-cover\" alt=\"Naturwein Vinothek im Weinkeller\" srcset=\"https:\/\/amwildbachberg.at\/wp-content\/uploads\/2024\/06\/Wildbachberg_Weinkeller_06_waermer.jpg 2400w, https:\/\/amwildbachberg.at\/wp-content\/uploads\/2024\/06\/Wildbachberg_Weinkeller_06_waermer-300x200.jpg 300w, https:\/\/amwildbachberg.at\/wp-content\/uploads\/2024\/06\/Wildbachberg_Weinkeller_06_waermer-1024x683.jpg 1024w, https:\/\/amwildbachberg.at\/wp-content\/uploads\/2024\/06\/Wildbachberg_Weinkeller_06_waermer-768x512.jpg 768w, https:\/\/amwildbachberg.at\/wp-content\/uploads\/2024\/06\/Wildbachberg_Weinkeller_06_waermer-1536x1025.jpg 1536w, https:\/\/amwildbachberg.at\/wp-content\/uploads\/2024\/06\/Wildbachberg_Weinkeller_06_waermer-2048x1366.jpg 2048w\" sizes=\"auto, (max-width: 2400px) 100vw, 2400px\" \/>\n          <\/div>\n                  <div class=\"swiper-slide aspect-[2\/3] lg:aspect-[3\/2]\">\n              <img loading=\"lazy\" decoding=\"async\" width=\"2560\" height=\"1708\" src=\"https:\/\/amwildbachberg.at\/wp-content\/uploads\/2024\/03\/amWILDBACHBERG_K_004_c_lupi_spuma-scaled.jpg\" class=\"w-full h-full object-cover\" alt=\"Naturwein in der eigenen Vinothek\" srcset=\"https:\/\/amwildbachberg.at\/wp-content\/uploads\/2024\/03\/amWILDBACHBERG_K_004_c_lupi_spuma-scaled.jpg 2560w, https:\/\/amwildbachberg.at\/wp-content\/uploads\/2024\/03\/amWILDBACHBERG_K_004_c_lupi_spuma-300x200.jpg 300w, https:\/\/amwildbachberg.at\/wp-content\/uploads\/2024\/03\/amWILDBACHBERG_K_004_c_lupi_spuma-1024x683.jpg 1024w, https:\/\/amwildbachberg.at\/wp-content\/uploads\/2024\/03\/amWILDBACHBERG_K_004_c_lupi_spuma-768x512.jpg 768w, https:\/\/amwildbachberg.at\/wp-content\/uploads\/2024\/03\/amWILDBACHBERG_K_004_c_lupi_spuma-1536x1025.jpg 1536w, https:\/\/amwildbachberg.at\/wp-content\/uploads\/2024\/03\/amWILDBACHBERG_K_004_c_lupi_spuma-2048x1366.jpg 2048w\" sizes=\"auto, (max-width: 2560px) 100vw, 2560px\" \/>\n          <\/div>\n              <\/div>\n      <div class=\"swiper-pagination\"><\/div>\n\n      <div class=\"swiper-button-prev\"><\/div>\n      <div class=\"swiper-button-next\"><\/div>\n    <\/div>\n  <\/div>\n<\/div>\n\n\n\n<h2 class=\"wp-block-heading has-text-align-center has-serif-font-family has-4-5-xl-font-size\" style=\"padding-top:var(--wp--preset--spacing--60);padding-bottom:var(--wp--preset--spacing--60);line-height:1.1\">Vom Naturwein und dem Mut, <br>sich darauf einzulassen<\/h2>\n\n\n\n<p>Die Gl\u00e4ser klirren leise, als G\u00fcnter den ersten Wein einschenkt. Das Licht ist warm, die Kerzen leuchten den alten Gew\u00f6lbekeller warm aus, ein alter venezianischer Tisch, die G\u00e4ste gespannt. Einige mustern das Glas skeptisch \u2013 der Wein ist tr\u00fcb, fast bernsteinfarben. Ein Wei\u00dfwein, der aussieht wie fl\u00fcssiger Honig.<\/p>\n\n\n\n<p><br>G\u00fcnter hebt sein eigenes Glas, dreht es leicht, betrachtet die Fl\u00fcssigkeit im Kerzenschein. \u201eBevor ihr probiert\u201c, sagt er ruhig, \u201em\u00f6chte ich euch eine Frage stellen: Wann habt ihr das letzte Mal etwas getrunken oder gegessen, ohne eine Erwartung daran zu haben?\u201c Stille. Einige runzeln die Stirn. \u201eIch meine das ernst\u201c, f\u00e4hrt er fort. \u201eMeistens greifen wir nach Dingen, die wir kennen. Wir suchen Sicherheit. Den Geschmack, den wir gewohnt sind. Den Wein, den wir schon einmal hatten, das Essen, das uns nicht \u00fcberrascht. Aber Naturwein ist anders. Er ist keine Garantie. Er ist ein Erlebnis. Man muss bereit sein, sich darauf einzulassen  &#8230;<\/p>\n\n\n\n<div class=\"wp-block-buttons is-content-justification-center is-layout-flex wp-container-core-buttons-is-layout-a89b3969 wp-block-buttons-is-layout-flex\">\n<div class=\"wp-block-button is-style-outline is-style-outline--1\"><a class=\"wp-block-button__link wp-element-button\" href=\"https:\/\/amwildbachberg.at\/winter-am-wildbachberg-2\/\">weiterlesen<\/a><\/div>\n<\/div>\n\n\n\n<p><br><br><\/p>\n\n\n\n<h2 class=\"wp-block-heading has-text-align-center has-serif-font-family has-4-5-xl-font-size\" style=\"padding-top:var(--wp--preset--spacing--60);padding-bottom:var(--wp--preset--spacing--60);line-height:1.1\">Wo schmeckt&#8217;s am besten?<\/h2>\n\n\n\n<p>Das <em>Platzerl <\/em>der Wahl findet man am Wildbachberg auch kulinarisch. Zu zweit im eigenen Refugium oder auf der Terrasse? Wie gem\u00fctlich! In illustrer Runde am gro\u00dfen Gemeinschaftstisch im Freien, am Grillplatz oder im Weinkeller? \u00dcberall eine Hetz! <br><br><\/p>\n\n\n\n<p><\/p>\n\n\n\n<p><\/p>\n\n\n\n<figure class=\"wp-block-video\"><video height=\"720\" style=\"aspect-ratio: 1280 \/ 720;\" width=\"1280\" controls src=\"https:\/\/amwildbachberg.at\/wp-content\/uploads\/2024\/07\/intro.mp4\"><\/video><\/figure>\n\n\n\n<p><\/p>\n\n\n\n<h2 class=\"wp-block-heading has-text-align-center has-serif-font-family has-4-5-xl-font-size\" style=\"padding-top:var(--wp--preset--spacing--60);padding-bottom:var(--wp--preset--spacing--60);line-height:1.1\">Oder doch unter die Leut?<\/h2>\n\n\n\n<p><\/p>\n\n\n\n<p>Die beste K\u00fcche fernab des Wildbachbergs verr\u00e4t Hausherr G\u00fcnter: <em>\u201eTheresas bietet eine gro\u00dfartige K\u00fcche, die kulinarisch sowohl in die Steiermark als auch in mediterrane Gefilde entf\u00fchrt. Beim Jagawirt am Reinischkogl besinnt man sich auf die Nat\u00fcrlichkeit: Ob Naturschwein oder Naturwein, es schmeckt herrlich! Empfehlenswert ist auch der Rauch-Hof in Wald bei Stainz \u2013 mein pers\u00f6nliches Highlight sind die Fischspezialit\u00e4ten des Hauses!\u201c<\/em> Na, dann? Mahlzeit!<br><br><\/p>\n\n\n\n<p>Damit wir deinen W\u00fcnschen vollends nachkommen k\u00f6nnen, bitten wir dich, Reservierungen vorab bekannt zu geben oder direkt mit unseren Genusspartnern Kontakt aufzunehmen.<\/p>\n<\/div>\n<\/div>\n\n\n\n<div class=\"wp-block-group alignwide is-layout-flow wp-block-group-is-layout-flow\">\n<div class=\"wp-block-group alignwide is-vertical is-content-justification-center is-layout-flex wp-container-core-group-is-layout-df7ce2b5 wp-block-group-is-layout-flex\" style=\"padding-right:var(--wp--preset--spacing--50);padding-bottom:var(--wp--preset--spacing--80);padding-left:var(--wp--preset--spacing--50)\">\n<p class=\"has-text-align-center has-xl-font-size\" style=\"letter-spacing:0.01em;line-height:1.2\">Erz\u00e4hlenswert.<\/p>\n\n\n\n<h2 class=\"wp-block-heading has-text-align-center has-serif-font-family has-7-xl-font-size\" style=\"margin-top:0;margin-right:0;margin-bottom:var(--wp--preset--spacing--55);margin-left:0;line-height:1\">Geschichten <br>vom Wildbachberg<\/h2>\n\n\n<div class=\"align wp-block-related-posts wp-block-related-posts--post\">\n      <div class=\"flex flex-col justify-evenly gap-6 sm:flex-row\">\n              <div class=\"related-posts__post flex flex-col items-center gap-3 text-center sm:w-1\/3\">\n          <figure class=\"order-first\">\n            <a href=\"https:\/\/amwildbachberg.at\/en\/meine-liebe-zum-fliegenfischen\/\" class=\"aspect-[2\/3] block\">\n              <img loading=\"lazy\" decoding=\"async\" width=\"745\" height=\"1024\" src=\"https:\/\/amwildbachberg.at\/wp-content\/uploads\/2025\/06\/pixabay-Mike-Dobe-Fliegenfischen-fly-fishing-3993552_1280-hoch-745x1024.jpg\" class=\"w-full h-full object-cover wp-post-image\" alt=\"Fliegenfischen\" srcset=\"https:\/\/amwildbachberg.at\/wp-content\/uploads\/2025\/06\/pixabay-Mike-Dobe-Fliegenfischen-fly-fishing-3993552_1280-hoch-745x1024.jpg 745w, https:\/\/amwildbachberg.at\/wp-content\/uploads\/2025\/06\/pixabay-Mike-Dobe-Fliegenfischen-fly-fishing-3993552_1280-hoch-218x300.jpg 218w, https:\/\/amwildbachberg.at\/wp-content\/uploads\/2025\/06\/pixabay-Mike-Dobe-Fliegenfischen-fly-fishing-3993552_1280-hoch-768x1056.jpg 768w, https:\/\/amwildbachberg.at\/wp-content\/uploads\/2025\/06\/pixabay-Mike-Dobe-Fliegenfischen-fly-fishing-3993552_1280-hoch-1117x1536.jpg 1117w, https:\/\/amwildbachberg.at\/wp-content\/uploads\/2025\/06\/pixabay-Mike-Dobe-Fliegenfischen-fly-fishing-3993552_1280-hoch-1489x2048.jpg 1489w, https:\/\/amwildbachberg.at\/wp-content\/uploads\/2025\/06\/pixabay-Mike-Dobe-Fliegenfischen-fly-fishing-3993552_1280-hoch-9x12.jpg 9w, https:\/\/amwildbachberg.at\/wp-content\/uploads\/2025\/06\/pixabay-Mike-Dobe-Fliegenfischen-fly-fishing-3993552_1280-hoch.jpg 1600w\" sizes=\"auto, (max-width: 745px) 100vw, 745px\" \/>\n            <\/a>\n          <\/figure>\n                    <p class=\"normal-case font-serif text-4xl sm:text-5xl\">\n            Meine Liebe zum Fliegenfischen<\/p>\n          <p class=\"order-first text-lg tracking-[0.01em]\">Wenn die Zeit stehen bleibt\n          <\/p>\n          <a class=\"button button--outline mt-3\" href=\"https:\/\/amwildbachberg.at\/en\/meine-liebe-zum-fliegenfischen\/\">Lesen<\/a>\n        <\/div>\n              <div class=\"related-posts__post flex flex-col items-center gap-3 text-center sm:w-1\/3\">\n          <figure class=\"order-first\">\n            <a href=\"https:\/\/amwildbachberg.at\/en\/neugierig-auf-naturwein\/\" class=\"aspect-[2\/3] block\">\n              <img loading=\"lazy\" decoding=\"async\" width=\"683\" height=\"1024\" src=\"https:\/\/amwildbachberg.at\/wp-content\/uploads\/2024\/07\/DSC09028-683x1024.jpg\" class=\"w-full h-full object-cover wp-post-image\" alt=\"Gastgeber und Naturweinliebhaber\" srcset=\"https:\/\/amwildbachberg.at\/wp-content\/uploads\/2024\/07\/DSC09028-683x1024.jpg 683w, https:\/\/amwildbachberg.at\/wp-content\/uploads\/2024\/07\/DSC09028-200x300.jpg 200w, https:\/\/amwildbachberg.at\/wp-content\/uploads\/2024\/07\/DSC09028-768x1152.jpg 768w, https:\/\/amwildbachberg.at\/wp-content\/uploads\/2024\/07\/DSC09028-1024x1536.jpg 1024w, https:\/\/amwildbachberg.at\/wp-content\/uploads\/2024\/07\/DSC09028-1365x2048.jpg 1365w, https:\/\/amwildbachberg.at\/wp-content\/uploads\/2024\/07\/DSC09028.jpg 1600w\" sizes=\"auto, (max-width: 683px) 100vw, 683px\" \/>\n            <\/a>\n          <\/figure>\n                    <p class=\"normal-case font-serif text-4xl sm:text-5xl\">\n            Neugierig auf Naturwein?<\/p>\n          <p class=\"order-first text-lg tracking-[0.01em]\">Echt, ehrlich, mit Tiefgang\n          <\/p>\n          <a class=\"button button--outline mt-3\" href=\"https:\/\/amwildbachberg.at\/en\/neugierig-auf-naturwein\/\">Lesen<\/a>\n        <\/div>\n              <div class=\"related-posts__post flex flex-col items-center gap-3 text-center sm:w-1\/3\">\n          <figure class=\"order-first\">\n            <a href=\"https:\/\/amwildbachberg.at\/en\/winter-am-wildbachberg\/\" class=\"aspect-[2\/3] block\">\n              <img loading=\"lazy\" decoding=\"async\" width=\"480\" height=\"720\" src=\"https:\/\/amwildbachberg.at\/wp-content\/uploads\/2024\/10\/Pool-Winter-skaliert.jpg\" class=\"w-full h-full object-cover wp-post-image\" alt=\"Urlaubsrefugium - Ferienh\u00e4user Am Wildbachberg im Winter\" srcset=\"https:\/\/amwildbachberg.at\/wp-content\/uploads\/2024\/10\/Pool-Winter-skaliert.jpg 480w, https:\/\/amwildbachberg.at\/wp-content\/uploads\/2024\/10\/Pool-Winter-skaliert-200x300.jpg 200w, https:\/\/amwildbachberg.at\/wp-content\/uploads\/2024\/10\/Pool-Winter-skaliert-8x12.jpg 8w\" sizes=\"auto, (max-width: 480px) 100vw, 480px\" \/>\n            <\/a>\n          <\/figure>\n                    <p class=\"normal-case font-serif text-4xl sm:text-5xl\">\n            Winter am Wildbachberg<\/p>\n          <p class=\"order-first text-lg tracking-[0.01em]\">A ruhige Zeit zum &#8222;Leben g&#8217;spian&#8220;\n          <\/p>\n          <a class=\"button button--outline mt-3\" href=\"https:\/\/amwildbachberg.at\/en\/winter-am-wildbachberg\/\">Lesen<\/a>\n        <\/div>\n          <\/div>\n  <\/div>\n<\/div>\n<\/div>\n","protected":false},"excerpt":{"rendered":"<p>Enjoying regional delicacies<\/p>","protected":false},"author":4,"featured_media":466,"comment_status":"closed","ping_status":"closed","sticky":false,"template":"","format":"standard","meta":{"_acf_changed":false,"pgc_sgb_lightbox_settings":"","footnotes":""},"categories":[1],"tags":[],"class_list":["post-94","post","type-post","status-publish","format-standard","has-post-thumbnail","hentry","category-uncategorized"],"acf":[],"yoast_head":"<!-- This site is optimized with the Yoast SEO plugin v27.2 - https:\/\/yoast.com\/product\/yoast-seo-wordpress\/ -->\n<title>Kulinarik am Wildbachberg - Am Wildbachberg<\/title>\n<meta name=\"description\" content=\"Kulinarik im Chaleturlaub: Fr\u00fchst\u00fcckskisterl, Weinkeller mit Naturweinen, Backhenderl, Buschenschank-Jause \u00e0 la S\u00fcdsteiermark. Das schmeckt!\" \/>\n<meta name=\"robots\" content=\"index, follow, max-snippet:-1, max-image-preview:large, max-video-preview:-1\" \/>\n<link rel=\"canonical\" href=\"https:\/\/amwildbachberg.at\/en\/kulinarik-am-wildbachberg\/\" \/>\n<meta property=\"og:locale\" content=\"en_GB\" \/>\n<meta property=\"og:type\" content=\"article\" \/>\n<meta property=\"og:title\" content=\"Kulinarik am Wildbachberg - Am Wildbachberg\" \/>\n<meta property=\"og:description\" content=\"Kulinarik im Chaleturlaub: Fr\u00fchst\u00fcckskisterl, Weinkeller mit Naturweinen, Backhenderl, Buschenschank-Jause \u00e0 la S\u00fcdsteiermark. Das schmeckt!\" \/>\n<meta property=\"og:url\" content=\"https:\/\/amwildbachberg.at\/en\/kulinarik-am-wildbachberg\/\" \/>\n<meta property=\"og:site_name\" content=\"Am Wildbachberg\" \/>\n<meta property=\"article:publisher\" content=\"https:\/\/www.facebook.com\/amwildbachberg\/\" \/>\n<meta property=\"article:published_time\" content=\"2022-12-22T15:49:43+00:00\" \/>\n<meta property=\"article:modified_time\" content=\"2026-02-18T17:29:57+00:00\" \/>\n<meta property=\"og:image\" content=\"https:\/\/amwildbachberg.at\/wp-content\/uploads\/2023\/05\/amWILDBACHBERG_K_021_c_lupi_spuma.jpg\" \/>\n\t<meta property=\"og:image:width\" content=\"662\" \/>\n\t<meta property=\"og:image:height\" content=\"992\" \/>\n\t<meta property=\"og:image:type\" content=\"image\/jpeg\" \/>\n<meta name=\"author\" content=\"cq_admin\" \/>\n<meta name=\"twitter:card\" content=\"summary_large_image\" \/>\n<meta name=\"twitter:label1\" content=\"Written by\" \/>\n\t<meta name=\"twitter:data1\" content=\"cq_admin\" \/>\n\t<meta name=\"twitter:label2\" content=\"Estimated reading time\" \/>\n\t<meta name=\"twitter:data2\" content=\"4 minutes\" \/>\n<script type=\"application\/ld+json\" class=\"yoast-schema-graph\">{\"@context\":\"https:\/\/schema.org\",\"@graph\":[{\"@type\":\"Article\",\"@id\":\"https:\/\/amwildbachberg.at\/kulinarik-am-wildbachberg\/#article\",\"isPartOf\":{\"@id\":\"https:\/\/amwildbachberg.at\/kulinarik-am-wildbachberg\/\"},\"author\":{\"name\":\"cq_admin\",\"@id\":\"https:\/\/amwildbachberg.at\/#\/schema\/person\/eebe7665701e2d8b5373846653761856\"},\"headline\":\"Kulinarik am Wildbachberg\",\"datePublished\":\"2022-12-22T15:49:43+00:00\",\"dateModified\":\"2026-02-18T17:29:57+00:00\",\"mainEntityOfPage\":{\"@id\":\"https:\/\/amwildbachberg.at\/kulinarik-am-wildbachberg\/\"},\"wordCount\":657,\"publisher\":{\"@id\":\"https:\/\/amwildbachberg.at\/#organization\"},\"image\":{\"@id\":\"https:\/\/amwildbachberg.at\/kulinarik-am-wildbachberg\/#primaryimage\"},\"thumbnailUrl\":\"https:\/\/amwildbachberg.at\/wp-content\/uploads\/2023\/05\/amWILDBACHBERG_K_021_c_lupi_spuma.jpg\",\"articleSection\":[\"Uncategorized\"],\"inLanguage\":\"en-GB\"},{\"@type\":\"WebPage\",\"@id\":\"https:\/\/amwildbachberg.at\/kulinarik-am-wildbachberg\/\",\"url\":\"https:\/\/amwildbachberg.at\/kulinarik-am-wildbachberg\/\",\"name\":\"Kulinarik am Wildbachberg - Am Wildbachberg\",\"isPartOf\":{\"@id\":\"https:\/\/amwildbachberg.at\/#website\"},\"primaryImageOfPage\":{\"@id\":\"https:\/\/amwildbachberg.at\/kulinarik-am-wildbachberg\/#primaryimage\"},\"image\":{\"@id\":\"https:\/\/amwildbachberg.at\/kulinarik-am-wildbachberg\/#primaryimage\"},\"thumbnailUrl\":\"https:\/\/amwildbachberg.at\/wp-content\/uploads\/2023\/05\/amWILDBACHBERG_K_021_c_lupi_spuma.jpg\",\"datePublished\":\"2022-12-22T15:49:43+00:00\",\"dateModified\":\"2026-02-18T17:29:57+00:00\",\"description\":\"Kulinarik im Chaleturlaub: Fr\u00fchst\u00fcckskisterl, Weinkeller mit Naturweinen, Backhenderl, Buschenschank-Jause \u00e0 la S\u00fcdsteiermark. Das schmeckt!\",\"breadcrumb\":{\"@id\":\"https:\/\/amwildbachberg.at\/kulinarik-am-wildbachberg\/#breadcrumb\"},\"inLanguage\":\"en-GB\",\"potentialAction\":[{\"@type\":\"ReadAction\",\"target\":[\"https:\/\/amwildbachberg.at\/kulinarik-am-wildbachberg\/\"]}]},{\"@type\":\"ImageObject\",\"inLanguage\":\"en-GB\",\"@id\":\"https:\/\/amwildbachberg.at\/kulinarik-am-wildbachberg\/#primaryimage\",\"url\":\"https:\/\/amwildbachberg.at\/wp-content\/uploads\/2023\/05\/amWILDBACHBERG_K_021_c_lupi_spuma.jpg\",\"contentUrl\":\"https:\/\/amwildbachberg.at\/wp-content\/uploads\/2023\/05\/amWILDBACHBERG_K_021_c_lupi_spuma.jpg\",\"width\":662,\"height\":992,\"caption\":\"Naturwein-Genuss im Urlaub\"},{\"@type\":\"BreadcrumbList\",\"@id\":\"https:\/\/amwildbachberg.at\/kulinarik-am-wildbachberg\/#breadcrumb\",\"itemListElement\":[{\"@type\":\"ListItem\",\"position\":1,\"name\":\"Startseite\",\"item\":\"https:\/\/amwildbachberg.at\/\"},{\"@type\":\"ListItem\",\"position\":2,\"name\":\"Kulinarik am Wildbachberg\"}]},{\"@type\":\"WebSite\",\"@id\":\"https:\/\/amwildbachberg.at\/#website\",\"url\":\"https:\/\/amwildbachberg.at\/\",\"name\":\"Am Wildbachberg\",\"description\":\"Das Leben g\u2019spian.\",\"publisher\":{\"@id\":\"https:\/\/amwildbachberg.at\/#organization\"},\"potentialAction\":[{\"@type\":\"SearchAction\",\"target\":{\"@type\":\"EntryPoint\",\"urlTemplate\":\"https:\/\/amwildbachberg.at\/?s={search_term_string}\"},\"query-input\":{\"@type\":\"PropertyValueSpecification\",\"valueRequired\":true,\"valueName\":\"search_term_string\"}}],\"inLanguage\":\"en-GB\"},{\"@type\":\"Organization\",\"@id\":\"https:\/\/amwildbachberg.at\/#organization\",\"name\":\"Am Wildbachberg\",\"url\":\"https:\/\/amwildbachberg.at\/\",\"logo\":{\"@type\":\"ImageObject\",\"inLanguage\":\"en-GB\",\"@id\":\"https:\/\/amwildbachberg.at\/#\/schema\/logo\/image\/\",\"url\":\"https:\/\/amwildbachberg.at\/wp-content\/uploads\/2023\/06\/cropped-favicon.png\",\"contentUrl\":\"https:\/\/amwildbachberg.at\/wp-content\/uploads\/2023\/06\/cropped-favicon.png\",\"width\":512,\"height\":512,\"caption\":\"Am Wildbachberg\"},\"image\":{\"@id\":\"https:\/\/amwildbachberg.at\/#\/schema\/logo\/image\/\"},\"sameAs\":[\"https:\/\/www.facebook.com\/amwildbachberg\/\",\"https:\/\/www.instagram.com\/am_wildbachberg\/\"]},{\"@type\":\"Person\",\"@id\":\"https:\/\/amwildbachberg.at\/#\/schema\/person\/eebe7665701e2d8b5373846653761856\",\"name\":\"cq_admin\",\"image\":{\"@type\":\"ImageObject\",\"inLanguage\":\"en-GB\",\"@id\":\"https:\/\/secure.gravatar.com\/avatar\/da2bb2c5a9b17a738197a2156844722a4b3ec4ea84f0e313d32b130662e11b15?s=96&d=mm&r=g\",\"url\":\"https:\/\/secure.gravatar.com\/avatar\/da2bb2c5a9b17a738197a2156844722a4b3ec4ea84f0e313d32b130662e11b15?s=96&d=mm&r=g\",\"contentUrl\":\"https:\/\/secure.gravatar.com\/avatar\/da2bb2c5a9b17a738197a2156844722a4b3ec4ea84f0e313d32b130662e11b15?s=96&d=mm&r=g\",\"caption\":\"cq_admin\"},\"url\":\"https:\/\/amwildbachberg.at\/en\/author\/cq_admin\/\"}]}<\/script>\n<!-- \/ Yoast SEO plugin. -->","yoast_head_json":{"title":"Culinary delights on the Wildbachberg - On the Wildbachberg","description":"Culinary delights during your chalet holiday: a breakfast basket, a wine cellar with natural wines, fried chicken, and a traditional Styrian snack tavern snack. Delicious!","robots":{"index":"index","follow":"follow","max-snippet":"max-snippet:-1","max-image-preview":"max-image-preview:large","max-video-preview":"max-video-preview:-1"},"canonical":"https:\/\/amwildbachberg.at\/en\/kulinarik-am-wildbachberg\/","og_locale":"en_GB","og_type":"article","og_title":"Kulinarik am Wildbachberg - Am Wildbachberg","og_description":"Kulinarik im Chaleturlaub: Fr\u00fchst\u00fcckskisterl, Weinkeller mit Naturweinen, Backhenderl, Buschenschank-Jause \u00e0 la S\u00fcdsteiermark. Das schmeckt!","og_url":"https:\/\/amwildbachberg.at\/en\/kulinarik-am-wildbachberg\/","og_site_name":"Am Wildbachberg","article_publisher":"https:\/\/www.facebook.com\/amwildbachberg\/","article_published_time":"2022-12-22T15:49:43+00:00","article_modified_time":"2026-02-18T17:29:57+00:00","og_image":[{"width":662,"height":992,"url":"https:\/\/amwildbachberg.at\/wp-content\/uploads\/2023\/05\/amWILDBACHBERG_K_021_c_lupi_spuma.jpg","type":"image\/jpeg"}],"author":"cq_admin","twitter_card":"summary_large_image","twitter_misc":{"Written by":"cq_admin","Estimated reading time":"4 minutes"},"schema":{"@context":"https:\/\/schema.org","@graph":[{"@type":"Article","@id":"https:\/\/amwildbachberg.at\/kulinarik-am-wildbachberg\/#article","isPartOf":{"@id":"https:\/\/amwildbachberg.at\/kulinarik-am-wildbachberg\/"},"author":{"name":"cq_admin","@id":"https:\/\/amwildbachberg.at\/#\/schema\/person\/eebe7665701e2d8b5373846653761856"},"headline":"Kulinarik am Wildbachberg","datePublished":"2022-12-22T15:49:43+00:00","dateModified":"2026-02-18T17:29:57+00:00","mainEntityOfPage":{"@id":"https:\/\/amwildbachberg.at\/kulinarik-am-wildbachberg\/"},"wordCount":657,"publisher":{"@id":"https:\/\/amwildbachberg.at\/#organization"},"image":{"@id":"https:\/\/amwildbachberg.at\/kulinarik-am-wildbachberg\/#primaryimage"},"thumbnailUrl":"https:\/\/amwildbachberg.at\/wp-content\/uploads\/2023\/05\/amWILDBACHBERG_K_021_c_lupi_spuma.jpg","articleSection":["Uncategorized"],"inLanguage":"en-GB"},{"@type":"WebPage","@id":"https:\/\/amwildbachberg.at\/kulinarik-am-wildbachberg\/","url":"https:\/\/amwildbachberg.at\/kulinarik-am-wildbachberg\/","name":"Culinary delights on the Wildbachberg - On the Wildbachberg","isPartOf":{"@id":"https:\/\/amwildbachberg.at\/#website"},"primaryImageOfPage":{"@id":"https:\/\/amwildbachberg.at\/kulinarik-am-wildbachberg\/#primaryimage"},"image":{"@id":"https:\/\/amwildbachberg.at\/kulinarik-am-wildbachberg\/#primaryimage"},"thumbnailUrl":"https:\/\/amwildbachberg.at\/wp-content\/uploads\/2023\/05\/amWILDBACHBERG_K_021_c_lupi_spuma.jpg","datePublished":"2022-12-22T15:49:43+00:00","dateModified":"2026-02-18T17:29:57+00:00","description":"Culinary delights during your chalet holiday: a breakfast basket, a wine cellar with natural wines, fried chicken, and a traditional Styrian snack tavern snack. Delicious!","breadcrumb":{"@id":"https:\/\/amwildbachberg.at\/kulinarik-am-wildbachberg\/#breadcrumb"},"inLanguage":"en-GB","potentialAction":[{"@type":"ReadAction","target":["https:\/\/amwildbachberg.at\/kulinarik-am-wildbachberg\/"]}]},{"@type":"ImageObject","inLanguage":"en-GB","@id":"https:\/\/amwildbachberg.at\/kulinarik-am-wildbachberg\/#primaryimage","url":"https:\/\/amwildbachberg.at\/wp-content\/uploads\/2023\/05\/amWILDBACHBERG_K_021_c_lupi_spuma.jpg","contentUrl":"https:\/\/amwildbachberg.at\/wp-content\/uploads\/2023\/05\/amWILDBACHBERG_K_021_c_lupi_spuma.jpg","width":662,"height":992,"caption":"Naturwein-Genuss im Urlaub"},{"@type":"BreadcrumbList","@id":"https:\/\/amwildbachberg.at\/kulinarik-am-wildbachberg\/#breadcrumb","itemListElement":[{"@type":"ListItem","position":1,"name":"Startseite","item":"https:\/\/amwildbachberg.at\/"},{"@type":"ListItem","position":2,"name":"Kulinarik am Wildbachberg"}]},{"@type":"WebSite","@id":"https:\/\/amwildbachberg.at\/#website","url":"https:\/\/amwildbachberg.at\/","name":"At Wildbachberg","description":"Feeling the life.","publisher":{"@id":"https:\/\/amwildbachberg.at\/#organization"},"potentialAction":[{"@type":"SearchAction","target":{"@type":"EntryPoint","urlTemplate":"https:\/\/amwildbachberg.at\/?s={search_term_string}"},"query-input":{"@type":"PropertyValueSpecification","valueRequired":true,"valueName":"search_term_string"}}],"inLanguage":"en-GB"},{"@type":"Organization","@id":"https:\/\/amwildbachberg.at\/#organization","name":"At Wildbachberg","url":"https:\/\/amwildbachberg.at\/","logo":{"@type":"ImageObject","inLanguage":"en-GB","@id":"https:\/\/amwildbachberg.at\/#\/schema\/logo\/image\/","url":"https:\/\/amwildbachberg.at\/wp-content\/uploads\/2023\/06\/cropped-favicon.png","contentUrl":"https:\/\/amwildbachberg.at\/wp-content\/uploads\/2023\/06\/cropped-favicon.png","width":512,"height":512,"caption":"Am Wildbachberg"},"image":{"@id":"https:\/\/amwildbachberg.at\/#\/schema\/logo\/image\/"},"sameAs":["https:\/\/www.facebook.com\/amwildbachberg\/","https:\/\/www.instagram.com\/am_wildbachberg\/"]},{"@type":"Person","@id":"https:\/\/amwildbachberg.at\/#\/schema\/person\/eebe7665701e2d8b5373846653761856","name":"cq_admin","image":{"@type":"ImageObject","inLanguage":"en-GB","@id":"https:\/\/secure.gravatar.com\/avatar\/da2bb2c5a9b17a738197a2156844722a4b3ec4ea84f0e313d32b130662e11b15?s=96&d=mm&r=g","url":"https:\/\/secure.gravatar.com\/avatar\/da2bb2c5a9b17a738197a2156844722a4b3ec4ea84f0e313d32b130662e11b15?s=96&d=mm&r=g","contentUrl":"https:\/\/secure.gravatar.com\/avatar\/da2bb2c5a9b17a738197a2156844722a4b3ec4ea84f0e313d32b130662e11b15?s=96&d=mm&r=g","caption":"cq_admin"},"url":"https:\/\/amwildbachberg.at\/en\/author\/cq_admin\/"}]}},"_links":{"self":[{"href":"https:\/\/amwildbachberg.at\/en\/wp-json\/wp\/v2\/posts\/94","targetHints":{"allow":["GET"]}}],"collection":[{"href":"https:\/\/amwildbachberg.at\/en\/wp-json\/wp\/v2\/posts"}],"about":[{"href":"https:\/\/amwildbachberg.at\/en\/wp-json\/wp\/v2\/types\/post"}],"author":[{"embeddable":true,"href":"https:\/\/amwildbachberg.at\/en\/wp-json\/wp\/v2\/users\/4"}],"replies":[{"embeddable":true,"href":"https:\/\/amwildbachberg.at\/en\/wp-json\/wp\/v2\/comments?post=94"}],"version-history":[{"count":5,"href":"https:\/\/amwildbachberg.at\/en\/wp-json\/wp\/v2\/posts\/94\/revisions"}],"predecessor-version":[{"id":3599,"href":"https:\/\/amwildbachberg.at\/en\/wp-json\/wp\/v2\/posts\/94\/revisions\/3599"}],"wp:featuredmedia":[{"embeddable":true,"href":"https:\/\/amwildbachberg.at\/en\/wp-json\/wp\/v2\/media\/466"}],"wp:attachment":[{"href":"https:\/\/amwildbachberg.at\/en\/wp-json\/wp\/v2\/media?parent=94"}],"wp:term":[{"taxonomy":"category","embeddable":true,"href":"https:\/\/amwildbachberg.at\/en\/wp-json\/wp\/v2\/categories?post=94"},{"taxonomy":"post_tag","embeddable":true,"href":"https:\/\/amwildbachberg.at\/en\/wp-json\/wp\/v2\/tags?post=94"}],"curies":[{"name":"wp","href":"https:\/\/api.w.org\/{rel}","templated":true}]}}